{"id":27426,"date":"2018-10-21T18:40:23","date_gmt":"2018-10-21T17:40:23","guid":{"rendered":"http:\/\/www.opalelongecote.fr\/?p=27426"},"modified":"2018-10-21T18:42:14","modified_gmt":"2018-10-21T17:42:14","slug":"ag-opale-longe-cote-2018","status":"publish","type":"post","link":"https:\/\/www.opalelongecote.fr\/index2.php\/ag-opale-longe-cote-2018\/","title":{"rendered":"AG Opale Longe C\u00f4te 2018"},"content":{"rendered":"<h2>AG Opale Longe C\u00f4te 2018<\/h2>\n<p>Merci \u00e0 nos amis Corsaires Dunkerquois qui nous ont accueillis chez eux ce week-end pour notre Assembl\u00e9e g\u00e9n\u00e9rale.<\/p>\n<p>Pour ceux n&rsquo;ayant pu participer ou souhaitant revoir certaines informations pour en discuter lors de nos sorties CLIQUEZ ICI&nbsp;&nbsp;<a href=\"http:\/\/www.opalelongecote.fr\/wp-content\/uploads\/2018\/10\/AG-OLC-2018-diffusion-web.pdf\"><span style=\"color: #0000ff;\">AG OLC 2018 diffusion web<\/span><\/a><\/p>\n<p>Notre nouveau comit\u00e9 fraichement \u00e9lu ce r\u00e9unira jeudi soir \u00e0 18h. n&rsquo;h\u00e9sitez pas \u00e0 nous faire parvenir toutes vos questions pour pr\u00e9parer notre saison dont vous trouverez ci dessous les grandes lignes.<\/p>\n<h2><b>2018 &#8211; 2019 <\/b><\/h2>\n<p><b>1- \u00c9v\u00e9nement : La V<\/b><b>e<\/b><b> NUIT DU LONGE COTE Samedi 22 Juin 2019<\/b><\/p>\n<p>&nbsp;&nbsp;&nbsp;&nbsp;&nbsp; (Mise \u00e0 l\u2019eau samedi 22h, sortie dimanche midi 12h, nouveaut\u00e9 2019 avec les finboarders)<\/p>\n<p><b>2- Opale Longe C\u00f4te 2.0, le Digital pour tous, on apprend \u00e0 surfer.<\/b><\/p>\n<p>&nbsp; (D\u00e9veloppement de notre site Web, de nos r\u00e9seaux sociaux)<\/p>\n<p><b>3- Porte des mers , on prend le Large<\/b><\/p>\n<p>&nbsp; (D\u00e9veloppement nage en Mer avec palmes et support)<\/p>\n<p><b>4- D\u00e9velopper \u00e0 Dunkerque le Bien \u2013 \u00catre Ressourcement<\/b>(avec l\u2019AGUR)<\/p>\n<p><b>5- Participer au projet Sports sur Ordonnance <\/b>(Ville de Dunkerque)<\/p>\n<p><b>6- Renforcer les collaborations et Partenariats<\/b><\/p>\n<p>&nbsp;&nbsp;&nbsp;&nbsp;&nbsp;&nbsp;&nbsp;&nbsp;&nbsp;&nbsp;&nbsp;&nbsp;&nbsp;&nbsp; (Triathlon de Dunkerque \u2013 Plong\u00e9e \/ Apn\u00e9e \u2013 Apn\u00e9e &#8211; \u2026.)<\/p>\n<p><b>7- Promouvoir nos activit\u00e9s et notre Littoral \u00e0 l\u2019int\u00e9rieur et \u00e0 l\u2019ext\u00e9rieur<\/b><\/p>\n<p>&nbsp;&nbsp;&nbsp;&nbsp;&nbsp;&nbsp;&nbsp;&nbsp;&nbsp;&nbsp;&nbsp;&nbsp;&nbsp;&nbsp; (Dans l\u2019EAU et dans les TERRES\u2026.)<\/p>\n<p>&nbsp;&nbsp;&nbsp;&nbsp; A l&rsquo;int\u00e9rieur et dans les Terres&#8230;.<\/p>\n<h2>LONGECOTIENS on participe \u00e0 notre premi\u00e8re \u00c9dition des 100 km de STEENWERCK.<\/h2>\n<p>&nbsp;<\/p>\n<p><img decoding=\"async\" class=\"wp-image-27430 aligncenter lazyload\" data-src=\"http:\/\/www.opalelongecote.fr\/wp-content\/uploads\/2018\/10\/steenwerck-2019-212x300.jpg\" alt=\"\" width=\"542\" height=\"767\" data-srcset=\"https:\/\/www.opalelongecote.fr\/wp-content\/uploads\/2018\/10\/steenwerck-2019-212x300.jpg 212w, https:\/\/www.opalelongecote.fr\/wp-content\/uploads\/2018\/10\/steenwerck-2019-768x1086.jpg 768w, https:\/\/www.opalelongecote.fr\/wp-content\/uploads\/2018\/10\/steenwerck-2019-510x721.jpg 510w, https:\/\/www.opalelongecote.fr\/wp-content\/uploads\/2018\/10\/steenwerck-2019-600x849.jpg 600w, https:\/\/www.opalelongecote.fr\/wp-content\/uploads\/2018\/10\/steenwerck-2019.jpg 1448w\" data-sizes=\"(max-width: 542px) 100vw, 542px\" src=\"data:image\/svg+xml;base64,PHN2ZyB3aWR0aD0iMSIgaGVpZ2h0PSIxIiB4bWxucz0iaHR0cDovL3d3dy53My5vcmcvMjAwMC9zdmciPjwvc3ZnPg==\" style=\"--smush-placeholder-width: 542px; --smush-placeholder-aspect-ratio: 542\/767;\" \/><\/p>\n","protected":false},"excerpt":{"rendered":"<p>AG Opale Longe C\u00f4te 2018 Merci \u00e0 nos amis Corsaires Dunkerquois qui nous ont accueillis chez eux ce week-end pour notre Assembl\u00e9e g\u00e9n\u00e9rale. Pour ceux n&rsquo;ayant pu participer ou souhaitant revoir certaines informations pour en discuter lors de nos sorties CLIQUEZ ICI&nbsp;&nbsp;AG OLC 2018 diffusion web Notre nouveau comit\u00e9 fraichement \u00e9lu ce r\u00e9unira jeudi soir [&hellip;]<\/p>\n","protected":false},"author":2,"featured_media":27427,"comment_status":"closed","ping_status":"open","sticky":false,"template":"","format":"standard","meta":{"footnotes":""},"categories":[],"tags":[],"class_list":["post-27426","post","type-post","status-publish","format-standard","has-post-thumbnail","hentry"],"_links":{"self":[{"href":"https:\/\/www.opalelongecote.fr\/index2.php\/wp-json\/wp\/v2\/posts\/27426","targetHints":{"allow":["GET"]}}],"collection":[{"href":"https:\/\/www.opalelongecote.fr\/index2.php\/wp-json\/wp\/v2\/posts"}],"about":[{"href":"https:\/\/www.opalelongecote.fr\/index2.php\/wp-json\/wp\/v2\/types\/post"}],"author":[{"embeddable":true,"href":"https:\/\/www.opalelongecote.fr\/index2.php\/wp-json\/wp\/v2\/users\/2"}],"replies":[{"embeddable":true,"href":"https:\/\/www.opalelongecote.fr\/index2.php\/wp-json\/wp\/v2\/comments?post=27426"}],"version-history":[{"count":3,"href":"https:\/\/www.opalelongecote.fr\/index2.php\/wp-json\/wp\/v2\/posts\/27426\/revisions"}],"predecessor-version":[{"id":27432,"href":"https:\/\/www.opalelongecote.fr\/index2.php\/wp-json\/wp\/v2\/posts\/27426\/revisions\/27432"}],"wp:featuredmedia":[{"embeddable":true,"href":"https:\/\/www.opalelongecote.fr\/index2.php\/wp-json\/wp\/v2\/media\/27427"}],"wp:attachment":[{"href":"https:\/\/www.opalelongecote.fr\/index2.php\/wp-json\/wp\/v2\/media?parent=27426"}],"wp:term":[{"taxonomy":"category","embeddable":true,"href":"https:\/\/www.opalelongecote.fr\/index2.php\/wp-json\/wp\/v2\/categories?post=27426"},{"taxonomy":"post_tag","embeddable":true,"href":"https:\/\/www.opalelongecote.fr\/index2.php\/wp-json\/wp\/v2\/tags?post=27426"}],"curies":[{"name":"wp","href":"https:\/\/api.w.org\/{rel}","templated":true}]}}