{"id":27381,"date":"2018-10-07T19:29:17","date_gmt":"2018-10-07T18:29:17","guid":{"rendered":"http:\/\/www.opalelongecote.fr\/?p=27381"},"modified":"2018-10-15T19:23:31","modified_gmt":"2018-10-15T18:23:31","slug":"dimanche-07-octobre-2018","status":"publish","type":"post","link":"https:\/\/www.opalelongecote.fr\/index2.php\/dimanche-07-octobre-2018\/","title":{"rendered":"Dimanche 07 Octobre 2018"},"content":{"rendered":"<h2>Dimanche 07 Octobre 2018<\/h2>\n<p>Les sorties ne se ressemblent jamais comme vous pouvez le constater et le revivre avec les albums photos mis en ligne \u00e0 chaque sortie depuis la mi aout.<\/p>\n<p>Un grand merci \u00e0 Yves qui immortalise tous ces moments. Nous laissons toutes les photos afin que chacun puisse s&rsquo;y retrouver ou se faire une v\u00e9ritable opinion sans filtre.<\/p>\n<p>Ces photos seront prochainement t\u00e9l\u00e9chargeables (qualit\u00e9 photo (megapixels) en zone membres et\/ou amis de l&rsquo;association.<\/p>\n<h2>Aujourd&rsquo;hui&#8230;.<\/h2>\n<p><strong>9h30<\/strong> 5 finboarders et bodyboarders, une vingtaine de longeurs, <strong>10h30<\/strong> 92 participants&#8230; dont 32 bapt\u00eames.<\/p>\n<p><strong>Mar\u00e9e montante, vent, vagues, courant, soleil, phoques et poissons dans les vagues.<\/strong><\/p>\n<p>Magnifique, magique mais pour emmener autant de monde dont des non nageuses, des personnes \u00ab\u00a0paisibles\u00a0\u00bb&nbsp; dans l&rsquo;\u00e9l\u00e9ment requiert une organisation et une vigilance totale&#8230; ET<\/p>\n<p>Tout mon respect et mon admiration pour notre \u00c9quipe,sans qui ce genre de \u00ab\u00a0folie\u00a0\u00bb ne serait absolument pas possible et qui une fois encore a fait un boulot incroyable d&rsquo;accompagnement .<\/p>\n<p><strong>Des b\u00e9n\u00e9voles mais pas des amateurs<\/strong>, de vrais pro du Longe cote &#8211; Evolution en Milieu Marin.<\/p>\n<p>Des moments inoubliables d&rsquo;aventure, de solidarit\u00e9, durs, \u00ab\u00a0chauds\u00a0\u00bb, thalasso, bains bouillonnants.<\/p>\n<p>Un grand merci \u00e0 tous, bravo et particuli\u00e8rement \u00e0 nos bapt\u00eames pour y aller aujourd&rsquo;hui il fallait oser.<\/p>\n<p>Ne vous fiez pas au niveau d&rsquo;eau constat\u00e9 sur les photos il y a avant, apr\u00e9s et&#8230;. dans la vague.<\/p>\n<h2>Compte rendu en images<\/h2>\n<p>[cws_gpp_images_by_albumid theme=&rsquo;carousel&rsquo;&nbsp;id=\u00a0\u00bb6612613569136469249&Prime;]<\/p>\n<p>&nbsp;<\/p>\n","protected":false},"excerpt":{"rendered":"<p>Dimanche 07 Octobre 2018 Les sorties ne se ressemblent jamais comme vous pouvez le constater et le revivre avec les albums photos mis en ligne \u00e0 chaque sortie depuis la mi aout. Un grand merci \u00e0 Yves qui immortalise tous ces moments. Nous laissons toutes les photos afin que chacun puisse s&rsquo;y retrouver ou se [&hellip;]<\/p>\n","protected":false},"author":2,"featured_media":27382,"comment_status":"closed","ping_status":"open","sticky":false,"template":"","format":"image","meta":{"footnotes":""},"categories":[],"tags":[],"class_list":["post-27381","post","type-post","status-publish","format-image","has-post-thumbnail","hentry","post_format-post-format-image"],"_links":{"self":[{"href":"https:\/\/www.opalelongecote.fr\/index2.php\/wp-json\/wp\/v2\/posts\/27381","targetHints":{"allow":["GET"]}}],"collection":[{"href":"https:\/\/www.opalelongecote.fr\/index2.php\/wp-json\/wp\/v2\/posts"}],"about":[{"href":"https:\/\/www.opalelongecote.fr\/index2.php\/wp-json\/wp\/v2\/types\/post"}],"author":[{"embeddable":true,"href":"https:\/\/www.opalelongecote.fr\/index2.php\/wp-json\/wp\/v2\/users\/2"}],"replies":[{"embeddable":true,"href":"https:\/\/www.opalelongecote.fr\/index2.php\/wp-json\/wp\/v2\/comments?post=27381"}],"version-history":[{"count":7,"href":"https:\/\/www.opalelongecote.fr\/index2.php\/wp-json\/wp\/v2\/posts\/27381\/revisions"}],"predecessor-version":[{"id":27423,"href":"https:\/\/www.opalelongecote.fr\/index2.php\/wp-json\/wp\/v2\/posts\/27381\/revisions\/27423"}],"wp:featuredmedia":[{"embeddable":true,"href":"https:\/\/www.opalelongecote.fr\/index2.php\/wp-json\/wp\/v2\/media\/27382"}],"wp:attachment":[{"href":"https:\/\/www.opalelongecote.fr\/index2.php\/wp-json\/wp\/v2\/media?parent=27381"}],"wp:term":[{"taxonomy":"category","embeddable":true,"href":"https:\/\/www.opalelongecote.fr\/index2.php\/wp-json\/wp\/v2\/categories?post=27381"},{"taxonomy":"post_tag","embeddable":true,"href":"https:\/\/www.opalelongecote.fr\/index2.php\/wp-json\/wp\/v2\/tags?post=27381"}],"curies":[{"name":"wp","href":"https:\/\/api.w.org\/{rel}","templated":true}]}}