{"id":26501,"date":"2018-09-11T20:50:31","date_gmt":"2018-09-11T19:50:31","guid":{"rendered":"http:\/\/www.opalelongecote.fr\/?p=26501"},"modified":"2018-09-11T20:51:37","modified_gmt":"2018-09-11T19:51:37","slug":"opale-longe-cotenage-mer-samedi-1er-septembre-2018","status":"publish","type":"post","link":"https:\/\/www.opalelongecote.fr\/index2.php\/opale-longe-cotenage-mer-samedi-1er-septembre-2018\/","title":{"rendered":"Opale longe cote,nage en mer, Samedi 1er septembre 2018"},"content":{"rendered":"<h2>Opale longe cote,nage en mer, Samedi 1er septembre 2018<\/h2>\n<p>De la Licorne au Kursaal, tout en douceur dans le courant. Le retour aurait \u00e9t\u00e9 toute une autre histoire sans notre ange gardien.<\/p>\n<p>La nage en mer, au large entre copains, Libert\u00e9, pl\u00e9nitude, Grands Espaces.<\/p>\n<p>Prendre la Porte des Mers&#8230;.<\/p>\n<p>Du bonheur en toute simplicit\u00e9, une nouvelle fois les photos n&rsquo;ont pas \u00e9t\u00e9 filtr\u00e9es (sauf doublons) que chacun puisse se rendre compte&#8230;<\/p>\n<p>Exercices de remont\u00e9e dans le zodiac, exercices de s\u00e9curit\u00e9 possible pour tous par l&rsquo;entraide, la solidarit\u00e9&#8230;<\/p>\n<p>Plus que jamais contre les vagues \u00e0 l&rsquo;Ame&#8230;<\/p>\n<p>Merci \u00e0 tous&#8230;<\/p>\n<p>&nbsp;<\/p>\n<p>[ngg_images source=\u00a0\u00bbgalleries\u00a0\u00bb container_ids=\u00a0\u00bb46&Prime; display_type=\u00a0\u00bbphotocrati-nextgen_basic_thumbnails\u00a0\u00bb override_thumbnail_settings=\u00a0\u00bb0&Prime; thumbnail_width=\u00a0\u00bb240&Prime; thumbnail_height=\u00a0\u00bb160&Prime; thumbnail_crop=\u00a0\u00bb1&Prime; images_per_page=\u00a0\u00bb600&Prime; number_of_columns=\u00a0\u00bb03&Prime; ajax_pagination=\u00a0\u00bb0&Prime; show_all_in_lightbox=\u00a0\u00bb0&Prime; use_imagebrowser_effect=\u00a0\u00bb0&Prime; show_slideshow_link=\u00a0\u00bb1&Prime; slideshow_link_text=\u00a0\u00bb[Montrer sous forme de diaporama]\u00a0\u00bb order_by=\u00a0\u00bbsortorder\u00a0\u00bb order_direction=\u00a0\u00bbASC\u00a0\u00bb returns=\u00a0\u00bbincluded\u00a0\u00bb maximum_entity_count=\u00a0\u00bb2500&Prime;]<\/p>\n","protected":false},"excerpt":{"rendered":"<p>Opale longe cote,nage en mer, Samedi 1er septembre 2018 De la Licorne au Kursaal, tout en douceur dans le courant. Le retour aurait \u00e9t\u00e9 toute une autre histoire sans notre ange gardien. La nage en mer, au large entre copains, Libert\u00e9, pl\u00e9nitude, Grands Espaces. Prendre la Porte des Mers&#8230;. Du bonheur en toute simplicit\u00e9, une [&hellip;]<\/p>\n","protected":false},"author":2,"featured_media":27321,"comment_status":"closed","ping_status":"open","sticky":false,"template":"","format":"standard","meta":{"footnotes":""},"categories":[],"tags":[],"class_list":["post-26501","post","type-post","status-publish","format-standard","has-post-thumbnail","hentry"],"_links":{"self":[{"href":"https:\/\/www.opalelongecote.fr\/index2.php\/wp-json\/wp\/v2\/posts\/26501","targetHints":{"allow":["GET"]}}],"collection":[{"href":"https:\/\/www.opalelongecote.fr\/index2.php\/wp-json\/wp\/v2\/posts"}],"about":[{"href":"https:\/\/www.opalelongecote.fr\/index2.php\/wp-json\/wp\/v2\/types\/post"}],"author":[{"embeddable":true,"href":"https:\/\/www.opalelongecote.fr\/index2.php\/wp-json\/wp\/v2\/users\/2"}],"replies":[{"embeddable":true,"href":"https:\/\/www.opalelongecote.fr\/index2.php\/wp-json\/wp\/v2\/comments?post=26501"}],"version-history":[{"count":2,"href":"https:\/\/www.opalelongecote.fr\/index2.php\/wp-json\/wp\/v2\/posts\/26501\/revisions"}],"predecessor-version":[{"id":27322,"href":"https:\/\/www.opalelongecote.fr\/index2.php\/wp-json\/wp\/v2\/posts\/26501\/revisions\/27322"}],"wp:featuredmedia":[{"embeddable":true,"href":"https:\/\/www.opalelongecote.fr\/index2.php\/wp-json\/wp\/v2\/media\/27321"}],"wp:attachment":[{"href":"https:\/\/www.opalelongecote.fr\/index2.php\/wp-json\/wp\/v2\/media?parent=26501"}],"wp:term":[{"taxonomy":"category","embeddable":true,"href":"https:\/\/www.opalelongecote.fr\/index2.php\/wp-json\/wp\/v2\/categories?post=26501"},{"taxonomy":"post_tag","embeddable":true,"href":"https:\/\/www.opalelongecote.fr\/index2.php\/wp-json\/wp\/v2\/tags?post=26501"}],"curies":[{"name":"wp","href":"https:\/\/api.w.org\/{rel}","templated":true}]}}