{"id":25517,"date":"2018-09-10T20:09:54","date_gmt":"2018-09-10T19:09:54","guid":{"rendered":"http:\/\/www.opalelongecote.fr\/?p=25517"},"modified":"2018-09-10T20:09:54","modified_gmt":"2018-09-10T19:09:54","slug":"opale-longe-cote-dimanche-2-septembre-2018","status":"publish","type":"post","link":"https:\/\/www.opalelongecote.fr\/index2.php\/opale-longe-cote-dimanche-2-septembre-2018\/","title":{"rendered":"Opale Longe Cote, dimanche 2 Septembre 2018"},"content":{"rendered":"<h2>Opale Longe Cote, dimanche 2 Septembre 2018<\/h2>\n<p>9h30 16 participants, 10h30 98. Sortie d&rsquo;\u00e9t\u00e9 dans un lac.<\/p>\n<p>Les&nbsp; \u00ab\u00a0surprises\u00a0\u00bb (tr\u00e8s&nbsp;belles)&nbsp; ne viennent pas toujours du grand Large. Qui s&rsquo;est aper\u00e7u que parmi nous aujourd&rsquo;hui nous avons accueilli une personne non voyante?&nbsp; Vous connaissez les albums &lsquo;O\u00f9 est Willy&rsquo; et bien dans le m\u00eame esprit tachez de retrouver notre sir\u00e8ne&#8230;<\/p>\n<p>Je compte sur ces amies pour lui relater sa performance.<\/p>\n<p>La mer est un v\u00e9ritable espace de Libert\u00e9, protecteur, bienveillant pour qui sait l&rsquo;aborder, la comprendre, la ressentir. Pas de risque de heur, de chute.<\/p>\n<p>Tous nos sens sont sollicit\u00e9s, en \u00e9veil&#8230;. Le vent et la chaleur du soleil, la pression du courant, le mouvement de la houle<\/p>\n<p>Nous avons tellement&nbsp; \u00e0 apprendre et \u00e0 comprendre des uns et des autres, de nos aptitudes, de nos postures, de nos capacit\u00e9s d&rsquo;adaptations.<\/p>\n<p>Merci pour cette incroyable, si simple et naturelle d\u00e9monstration.<\/p>\n<p>&nbsp;<\/p>\n<p>&nbsp;<\/p>\n<p>[ngg_images source=\u00a0\u00bbgalleries\u00a0\u00bb container_ids=\u00a0\u00bb44&Prime; display_type=\u00a0\u00bbphotocrati-nextgen_basic_thumbnails\u00a0\u00bb override_thumbnail_settings=\u00a0\u00bb0&Prime; thumbnail_width=\u00a0\u00bb240&Prime; thumbnail_height=\u00a0\u00bb160&Prime; thumbnail_crop=\u00a0\u00bb1&Prime; images_per_page=\u00a0\u00bb600&Prime; number_of_columns=\u00a0\u00bb3&Prime; ajax_pagination=\u00a0\u00bb0&Prime; show_all_in_lightbox=\u00a0\u00bb0&Prime; use_imagebrowser_effect=\u00a0\u00bb0&Prime; show_slideshow_link=\u00a0\u00bb1&Prime; slideshow_link_text=\u00a0\u00bb[Montrer sous forme de diaporama]\u00a0\u00bb order_by=\u00a0\u00bbsortorder\u00a0\u00bb order_direction=\u00a0\u00bbASC\u00a0\u00bb returns=\u00a0\u00bbincluded\u00a0\u00bb maximum_entity_count=\u00a0\u00bb2500&Prime;]<\/p>\n","protected":false},"excerpt":{"rendered":"<p>Opale Longe Cote, dimanche 2 Septembre 2018 9h30 16 participants, 10h30 98. Sortie d&rsquo;\u00e9t\u00e9 dans un lac. Les&nbsp; \u00ab\u00a0surprises\u00a0\u00bb (tr\u00e8s&nbsp;belles)&nbsp; ne viennent pas toujours du grand Large. Qui s&rsquo;est aper\u00e7u que parmi nous aujourd&rsquo;hui nous avons accueilli une personne non voyante?&nbsp; Vous connaissez les albums &lsquo;O\u00f9 est Willy&rsquo; et bien dans le m\u00eame esprit tachez [&hellip;]<\/p>\n","protected":false},"author":2,"featured_media":25520,"comment_status":"closed","ping_status":"open","sticky":false,"template":"","format":"standard","meta":{"footnotes":""},"categories":[4],"tags":[],"class_list":["post-25517","post","type-post","status-publish","format-standard","has-post-thumbnail","hentry","category-photos-videos"],"_links":{"self":[{"href":"https:\/\/www.opalelongecote.fr\/index2.php\/wp-json\/wp\/v2\/posts\/25517","targetHints":{"allow":["GET"]}}],"collection":[{"href":"https:\/\/www.opalelongecote.fr\/index2.php\/wp-json\/wp\/v2\/posts"}],"about":[{"href":"https:\/\/www.opalelongecote.fr\/index2.php\/wp-json\/wp\/v2\/types\/post"}],"author":[{"embeddable":true,"href":"https:\/\/www.opalelongecote.fr\/index2.php\/wp-json\/wp\/v2\/users\/2"}],"replies":[{"embeddable":true,"href":"https:\/\/www.opalelongecote.fr\/index2.php\/wp-json\/wp\/v2\/comments?post=25517"}],"version-history":[{"count":3,"href":"https:\/\/www.opalelongecote.fr\/index2.php\/wp-json\/wp\/v2\/posts\/25517\/revisions"}],"predecessor-version":[{"id":25521,"href":"https:\/\/www.opalelongecote.fr\/index2.php\/wp-json\/wp\/v2\/posts\/25517\/revisions\/25521"}],"wp:featuredmedia":[{"embeddable":true,"href":"https:\/\/www.opalelongecote.fr\/index2.php\/wp-json\/wp\/v2\/media\/25520"}],"wp:attachment":[{"href":"https:\/\/www.opalelongecote.fr\/index2.php\/wp-json\/wp\/v2\/media?parent=25517"}],"wp:term":[{"taxonomy":"category","embeddable":true,"href":"https:\/\/www.opalelongecote.fr\/index2.php\/wp-json\/wp\/v2\/categories?post=25517"},{"taxonomy":"post_tag","embeddable":true,"href":"https:\/\/www.opalelongecote.fr\/index2.php\/wp-json\/wp\/v2\/tags?post=25517"}],"curies":[{"name":"wp","href":"https:\/\/api.w.org\/{rel}","templated":true}]}}