{"id":24227,"date":"2018-09-10T18:39:28","date_gmt":"2018-09-10T17:39:28","guid":{"rendered":"http:\/\/www.opalelongecote.fr\/?p=24227"},"modified":"2018-09-10T20:15:09","modified_gmt":"2018-09-10T19:15:09","slug":"opale-longe-cote-vendredi-7-septembre-2018","status":"publish","type":"post","link":"https:\/\/www.opalelongecote.fr\/index2.php\/opale-longe-cote-vendredi-7-septembre-2018\/","title":{"rendered":"Opale Longe Cote, Vendredi 7 septembre 2018"},"content":{"rendered":"<h2>Opale Longe Cote, Vendredi 7 septembre 2018<\/h2>\n<p>Paroles, paroles, paroles&#8230; (70 participants)<\/p>\n<p>Grace \u00e0 Yves, notre Vice Pr\u00e9sident ador\u00e9, plus de poids des mots, le choc des photos!<\/p>\n<p>Certaines sont superbes, d&rsquo;autres flous, certaines \u00ab\u00a0intimes\u00a0\u00bb.<\/p>\n<p>L&rsquo;id\u00e9e n&rsquo;est pas de travailler l&rsquo;image de l&rsquo;association, de se pr\u00e9senter sous un jour ou sous un autre mais simplement de permettre \u00e0 ceux qui ont eu la chance de vivre ces moments de les voir sous un angle diff\u00e8rent, de les partager.&nbsp;<\/p>\n<p>&nbsp;<\/p>\n<p>[ngg_images source=\u00a0\u00bbgalleries\u00a0\u00bb container_ids=\u00a0\u00bb42&Prime; display_type=\u00a0\u00bbphotocrati-nextgen_basic_thumbnails\u00a0\u00bb override_thumbnail_settings=\u00a0\u00bb0&Prime; thumbnail_width=\u00a0\u00bb240&Prime; thumbnail_height=\u00a0\u00bb160&Prime; thumbnail_crop=\u00a0\u00bb1&Prime; images_per_page=\u00a0\u00bb400&Prime; number_of_columns=\u00a0\u00bb3&Prime; ajax_pagination=\u00a0\u00bb0&Prime; show_all_in_lightbox=\u00a0\u00bb0&Prime; use_imagebrowser_effect=\u00a0\u00bb0&Prime; show_slideshow_link=\u00a0\u00bb1&Prime; slideshow_link_text=\u00a0\u00bb[Montrer sous forme de diaporama]\u00a0\u00bb order_by=\u00a0\u00bbsortorder\u00a0\u00bb order_direction=\u00a0\u00bbASC\u00a0\u00bb returns=\u00a0\u00bbincluded\u00a0\u00bb maximum_entity_count=\u00a0\u00bb2500&Prime;]<\/p>\n","protected":false},"excerpt":{"rendered":"<p>Opale Longe Cote, Vendredi 7 septembre 2018 Paroles, paroles, paroles&#8230; (70 participants) Grace \u00e0 Yves, notre Vice Pr\u00e9sident ador\u00e9, plus de poids des mots, le choc des photos! Certaines sont superbes, d&rsquo;autres flous, certaines \u00ab\u00a0intimes\u00a0\u00bb. L&rsquo;id\u00e9e n&rsquo;est pas de travailler l&rsquo;image de l&rsquo;association, de se pr\u00e9senter sous un jour ou sous un autre mais simplement [&hellip;]<\/p>\n","protected":false},"author":2,"featured_media":24229,"comment_status":"closed","ping_status":"open","sticky":false,"template":"","format":"standard","meta":{"footnotes":""},"categories":[],"tags":[],"class_list":["post-24227","post","type-post","status-publish","format-standard","has-post-thumbnail","hentry"],"_links":{"self":[{"href":"https:\/\/www.opalelongecote.fr\/index2.php\/wp-json\/wp\/v2\/posts\/24227","targetHints":{"allow":["GET"]}}],"collection":[{"href":"https:\/\/www.opalelongecote.fr\/index2.php\/wp-json\/wp\/v2\/posts"}],"about":[{"href":"https:\/\/www.opalelongecote.fr\/index2.php\/wp-json\/wp\/v2\/types\/post"}],"author":[{"embeddable":true,"href":"https:\/\/www.opalelongecote.fr\/index2.php\/wp-json\/wp\/v2\/users\/2"}],"replies":[{"embeddable":true,"href":"https:\/\/www.opalelongecote.fr\/index2.php\/wp-json\/wp\/v2\/comments?post=24227"}],"version-history":[{"count":3,"href":"https:\/\/www.opalelongecote.fr\/index2.php\/wp-json\/wp\/v2\/posts\/24227\/revisions"}],"predecessor-version":[{"id":25523,"href":"https:\/\/www.opalelongecote.fr\/index2.php\/wp-json\/wp\/v2\/posts\/24227\/revisions\/25523"}],"wp:featuredmedia":[{"embeddable":true,"href":"https:\/\/www.opalelongecote.fr\/index2.php\/wp-json\/wp\/v2\/media\/24229"}],"wp:attachment":[{"href":"https:\/\/www.opalelongecote.fr\/index2.php\/wp-json\/wp\/v2\/media?parent=24227"}],"wp:term":[{"taxonomy":"category","embeddable":true,"href":"https:\/\/www.opalelongecote.fr\/index2.php\/wp-json\/wp\/v2\/categories?post=24227"},{"taxonomy":"post_tag","embeddable":true,"href":"https:\/\/www.opalelongecote.fr\/index2.php\/wp-json\/wp\/v2\/tags?post=24227"}],"curies":[{"name":"wp","href":"https:\/\/api.w.org\/{rel}","templated":true}]}}