{"id":23598,"date":"2018-09-09T21:02:23","date_gmt":"2018-09-09T20:02:23","guid":{"rendered":"http:\/\/www.opalelongecote.fr\/?p=23598"},"modified":"2018-09-09T21:06:25","modified_gmt":"2018-09-09T20:06:25","slug":"longe-cote-dunkerque-dimanche-9-septembre","status":"publish","type":"post","link":"https:\/\/www.opalelongecote.fr\/index2.php\/longe-cote-dunkerque-dimanche-9-septembre\/","title":{"rendered":"Longe Cote Dunkerque Dimanche 9 Septembre"},"content":{"rendered":"<h2>Longe Cote Dunkerque Dimanche 9 Septembre<\/h2>\n<p>15 participants \u00e0 9h30, 100 \u00e0 10h30 dont un groupe de Triathl\u00e8tes Bray Dunois.<\/p>\n<p>Sortie dans un \u00ab\u00a0lac\u00a0\u00bb \u00e0 mar\u00e9e remontante. Plut\u00f4t qu&rsquo;un long discours un reportage en images.<\/p>\n<p>Yves depuis une semaine s&rsquo;est mu en chasseurs d&rsquo;images. Vous \u00eates tous impatients et \u00e0 raison de voir le r\u00e9sultat de son travail.<\/p>\n<p>Voil\u00e0 donc le premier. Pour des raisons techniques, vu le nombre nous avons du r\u00e9duire la taille donc la qualit\u00e9 des images.<\/p>\n<p>Nous travaillons \u00e0 la recherche d&rsquo;une solution pour permettre \u00e0 chacun de r\u00e9cup\u00e9rer les photos en HD.<\/p>\n<p>Dans les prochains jour toutes les photos&#8230;<\/p>\n<p>Un immense merci \u00e0 notre CAZEEL (Yves) pour ce retour en images sur ces si bons moments qui rendent si bien ce que nous avons le privil\u00e8ge de vivre tous Ensemble.<\/p>\n<p>&nbsp;<\/p>\n<p>[ngg_images source=\u00a0\u00bbgalleries\u00a0\u00bb container_ids=\u00a0\u00bb41&Prime; display_type=\u00a0\u00bbphotocrati-nextgen_basic_thumbnails\u00a0\u00bb override_thumbnail_settings=\u00a0\u00bb0&Prime; thumbnail_width=\u00a0\u00bb240&Prime; thumbnail_height=\u00a0\u00bb160&Prime; thumbnail_crop=\u00a0\u00bb1&Prime; images_per_page=\u00a0\u00bb400&Prime; number_of_columns=\u00a0\u00bb3&Prime; ajax_pagination=\u00a0\u00bb0&Prime; show_all_in_lightbox=\u00a0\u00bb0&Prime; use_imagebrowser_effect=\u00a0\u00bb0&Prime; show_slideshow_link=\u00a0\u00bb1&Prime; slideshow_link_text=\u00a0\u00bb[Montrer sous forme de diaporama]\u00a0\u00bb order_by=\u00a0\u00bbsortorder\u00a0\u00bb order_direction=\u00a0\u00bbASC\u00a0\u00bb returns=\u00a0\u00bbincluded\u00a0\u00bb maximum_entity_count=\u00a0\u00bb2500&Prime;]<\/p>\n","protected":false},"excerpt":{"rendered":"<p>Longe Cote Dunkerque Dimanche 9 Septembre 15 participants \u00e0 9h30, 100 \u00e0 10h30 dont un groupe de Triathl\u00e8tes Bray Dunois. Sortie dans un \u00ab\u00a0lac\u00a0\u00bb \u00e0 mar\u00e9e remontante. Plut\u00f4t qu&rsquo;un long discours un reportage en images. Yves depuis une semaine s&rsquo;est mu en chasseurs d&rsquo;images. Vous \u00eates tous impatients et \u00e0 raison de voir le r\u00e9sultat [&hellip;]<\/p>\n","protected":false},"author":2,"featured_media":23600,"comment_status":"closed","ping_status":"open","sticky":false,"template":"","format":"standard","meta":{"footnotes":""},"categories":[],"tags":[],"class_list":["post-23598","post","type-post","status-publish","format-standard","has-post-thumbnail","hentry"],"_links":{"self":[{"href":"https:\/\/www.opalelongecote.fr\/index2.php\/wp-json\/wp\/v2\/posts\/23598","targetHints":{"allow":["GET"]}}],"collection":[{"href":"https:\/\/www.opalelongecote.fr\/index2.php\/wp-json\/wp\/v2\/posts"}],"about":[{"href":"https:\/\/www.opalelongecote.fr\/index2.php\/wp-json\/wp\/v2\/types\/post"}],"author":[{"embeddable":true,"href":"https:\/\/www.opalelongecote.fr\/index2.php\/wp-json\/wp\/v2\/users\/2"}],"replies":[{"embeddable":true,"href":"https:\/\/www.opalelongecote.fr\/index2.php\/wp-json\/wp\/v2\/comments?post=23598"}],"version-history":[{"count":4,"href":"https:\/\/www.opalelongecote.fr\/index2.php\/wp-json\/wp\/v2\/posts\/23598\/revisions"}],"predecessor-version":[{"id":23603,"href":"https:\/\/www.opalelongecote.fr\/index2.php\/wp-json\/wp\/v2\/posts\/23598\/revisions\/23603"}],"wp:featuredmedia":[{"embeddable":true,"href":"https:\/\/www.opalelongecote.fr\/index2.php\/wp-json\/wp\/v2\/media\/23600"}],"wp:attachment":[{"href":"https:\/\/www.opalelongecote.fr\/index2.php\/wp-json\/wp\/v2\/media?parent=23598"}],"wp:term":[{"taxonomy":"category","embeddable":true,"href":"https:\/\/www.opalelongecote.fr\/index2.php\/wp-json\/wp\/v2\/categories?post=23598"},{"taxonomy":"post_tag","embeddable":true,"href":"https:\/\/www.opalelongecote.fr\/index2.php\/wp-json\/wp\/v2\/tags?post=23598"}],"curies":[{"name":"wp","href":"https:\/\/api.w.org\/{rel}","templated":true}]}}