{"id":22636,"date":"2018-06-26T06:46:41","date_gmt":"2018-06-26T05:46:41","guid":{"rendered":"http:\/\/www.opalelongecote.fr\/?p=22636"},"modified":"2018-06-26T06:49:42","modified_gmt":"2018-06-26T05:49:42","slug":"ultratrail-aquatique-nieuwpoort-dunkerque-2018-resultats","status":"publish","type":"post","link":"https:\/\/www.opalelongecote.fr\/index2.php\/ultratrail-aquatique-nieuwpoort-dunkerque-2018-resultats\/","title":{"rendered":"Ultratrail Aquatique Nieuwpoort &#8211; Dunkerque 2018 : R\u00e9sultats"},"content":{"rendered":"<h2>Ultratrail Aquatique Nieuwpoort &#8211; Dunkerque 2018 : R\u00e9sultats<\/h2>\n<h3>4h30 Le grand d\u00e9part (Photos Joel B.)<\/h3>\n<p>[ngg_images source=\u00a0\u00bbgalleries\u00a0\u00bb container_ids=\u00a0\u00bb38&Prime; display_type=\u00a0\u00bbphotocrati-nextgen_basic_thumbnails\u00a0\u00bb override_thumbnail_settings=\u00a0\u00bb0&Prime; thumbnail_width=\u00a0\u00bb240&Prime; thumbnail_height=\u00a0\u00bb160&Prime; thumbnail_crop=\u00a0\u00bb1&Prime; images_per_page=\u00a0\u00bb36&Prime; number_of_columns=\u00a0\u00bb3&Prime; ajax_pagination=\u00a0\u00bb0&Prime; show_all_in_lightbox=\u00a0\u00bb0&Prime; use_imagebrowser_effect=\u00a0\u00bb0&Prime; show_slideshow_link=\u00a0\u00bb1&Prime; slideshow_link_text=\u00a0\u00bb[Montrer sous forme de diaporama]\u00a0\u00bb order_by=\u00a0\u00bbsortorder\u00a0\u00bb order_direction=\u00a0\u00bbASC\u00a0\u00bb returns=\u00a0\u00bbincluded\u00a0\u00bb maximum_entity_count=\u00a0\u00bb2500&Prime;]<\/p>\n<h3>Compte-rendu en images Equipe 1 (Film Karine)<\/h3>\n<p><iframe title=\"Ultratrail Aquatique 2018 Nieuwpoort Dunkerque\" width=\"500\" height=\"281\" data-src=\"https:\/\/www.youtube.com\/embed\/wKJO2YlUZYk?feature=oembed\" frameborder=\"0\" allow=\"accelerometer; autoplay; clipboard-write; encrypted-media; gyroscope; picture-in-picture; web-share\" referrerpolicy=\"strict-origin-when-cross-origin\" allowfullscreen src=\"data:image\/svg+xml;base64,PHN2ZyB3aWR0aD0iMSIgaGVpZ2h0PSIxIiB4bWxucz0iaHR0cDovL3d3dy53My5vcmcvMjAwMC9zdmciPjwvc3ZnPg==\" class=\"lazyload\" data-load-mode=\"1\"><\/iframe><\/p>\n<p>&nbsp;<\/p>\n<h3>Compte-rendu \u00c9quipe des Nounours (Philippe)<\/h3>\n<p align=\"CENTER\"><span style=\"font-family: Arial Unicode MS,sans-serif;\"><span style=\"font-size: large;\"><u>Soleil levant 2 <\/u><\/span><\/span><\/p>\n<p align=\"LEFT\"><span style=\"font-family: Arial Unicode MS,sans-serif;\"><span style=\"font-size: medium;\">Qu&rsquo;ils disaient ! ! ! <\/span><\/span><\/p>\n<p align=\"LEFT\"><span style=\"font-family: Arial Unicode MS,sans-serif;\"><span style=\"font-size: medium;\">D&rsquo;abord, \u00e0 4h30 du matin, le soleil n&rsquo;est pas lev\u00e9 !<\/span><\/span><\/p>\n<p align=\"LEFT\"><span style=\"font-family: Arial Unicode MS,sans-serif;\"><span style=\"font-size: medium;\">Ensuite non plus, mais vers 11h00 il per\u00e7ait dans les nuages.<\/span><\/span><\/p>\n<p align=\"LEFT\"><span style=\"font-family: Arial Unicode MS,sans-serif;\"><span style=\"font-size: medium;\">26 longeurs motiv\u00e9s attendent que les co-voitureurs garent leurs voitures.<\/span><\/span><\/p>\n<p align=\"LEFT\"><span style=\"font-family: Arial Unicode MS,sans-serif;\"><span style=\"font-size: medium;\">Nous partons donc vers 5h00.<\/span><\/span><\/p>\n<p align=\"LEFT\"><span style=\"font-family: Arial Unicode MS,sans-serif;\"><span style=\"font-size: medium;\">4 finboards en avant puis la longe Trail et enfin les autres.<\/span><\/span><\/p>\n<p align=\"LEFT\"><span style=\"font-family: Arial Unicode MS,sans-serif;\"><span style=\"font-size: medium;\">L&rsquo;exp\u00e9rience aidant, nous franchissons les brise-lames de Nieeuwpoort sans nous noyer.<\/span><\/span><\/p>\n<p align=\"LEFT\"><span style=\"font-family: Arial Unicode MS,sans-serif;\"><span style=\"font-size: medium;\">L&rsquo;eau n&rsquo;est pas froide mais la grisaille est peu engageante.<\/span><\/span><\/p>\n<p align=\"LEFT\"><span style=\"font-family: Arial Unicode MS,sans-serif;\"><span style=\"font-size: medium;\">Les 2 longes s&rsquo;organisent dans la bonne humeur et nous avan\u00e7ons en chantant et en rigolant ( hein V\u00e9ro ! ) coach\u00e9s par Yves.<\/span><\/span><\/p>\n<p align=\"LEFT\"><span style=\"font-family: Arial Unicode MS,sans-serif;\"><span style=\"font-size: medium;\">Tiens, il y a bien du monde sur le sable ! <\/span><\/span><\/p>\n<p align=\"LEFT\"><span style=\"font-family: Arial Unicode MS,sans-serif;\"><span style=\"font-size: medium;\">Serait-ce un remake de Dunkirk ?<\/span><\/span><\/p>\n<p align=\"LEFT\"><span style=\"font-family: Arial Unicode MS,sans-serif;\"><span style=\"font-size: medium;\">Pas loin , un film est en cours de tournage et on nous interdit de passer.<\/span><\/span><\/p>\n<p align=\"LEFT\"><span style=\"font-family: Arial Unicode MS,sans-serif;\"><span style=\"font-size: medium;\">Les Trail continuent en faisant coucou de la main et en semblant ne rien comprendre \u00e0 la radio.<\/span><\/span><\/p>\n<p align=\"LEFT\"><span style=\"font-family: Arial Unicode MS,sans-serif;\"><span style=\"font-size: medium;\">Le 2\u00e8me groupe s&rsquo;arr\u00eate b\u00eatement, j&rsquo;y \u00e9tais, ne comprend rien au flamand&nbsp; attend et on l&rsquo;autorise \u00e0 repartir 1\/2 heure apr\u00e8s. Nous n&rsquo;avons rien compris.<\/span><\/span><\/p>\n<p align=\"LEFT\"><span style=\"font-family: Arial Unicode MS,sans-serif;\"><span style=\"font-size: medium;\">Nous continuons donc jusqu&rsquo;\u00e0 Koksijde o\u00f9 le petit d\u00e8j nous attend ( merci OLC, Denis et Jacques)<\/span><\/span><\/p>\n<p align=\"LEFT\"><span style=\"font-family: Arial Unicode MS,sans-serif;\"><span style=\"font-size: medium;\">Un groupe de 8 nous rejoignent et se remettent \u00e0 l&rsquo;eau avec nous. Nous s\u00e9parons la longe en 2 et nous continuons avec un courant favorable. Un jeune phoque nous suit et tout va bien.<\/span><\/span><\/p>\n<p align=\"LEFT\"><span style=\"font-family: Arial Unicode MS,sans-serif;\"><span style=\"font-size: medium;\">St Idesbald, de Panne, et le no man&rsquo;s land jusqu&rsquo;\u00e0 Bray-Dunes qui nous semble moins long qu&rsquo;il y a 2 ans.<\/span><\/span><\/p>\n<p align=\"LEFT\"><span style=\"font-family: Arial Unicode MS,sans-serif;\"><span style=\"font-size: medium;\">Nous croisons des longeurs bray-dunois qui sont \u00e9tonn\u00e9s de notre sortie et qui nous encouragent.<\/span><\/span><\/p>\n<p align=\"LEFT\"><span style=\"font-family: Arial Unicode MS,sans-serif;\"><span style=\"font-size: medium;\">Rejoints \u00e0 la pause de Bray-Dunes par un autre groupe, nous repartons avec un soleil qui se montre par intermittence mais la bascule du courant intervient progressivement. La fatigue commence \u00e0 se faire sentir et 2 longeuses insuffisamment pr\u00e9par\u00e9es sortent de l&rsquo;eau pour rejoindre Yves , notre \u00ab ange gardien \u00bb<\/span><\/span><\/p>\n<p align=\"LEFT\"><span style=\"font-family: Arial Unicode MS,sans-serif;\"><span style=\"font-size: medium;\">La force du courant et les vagues se renforcent \u00e0 partir de Zuydcoote. Oups ! 4 entr\u00e9es nous sont bien utiles pour all\u00e9ger nos relais.<\/span><\/span><\/p>\n<p align=\"LEFT\"><span style=\"font-family: Arial Unicode MS,sans-serif;\"><span style=\"font-size: medium;\">En vue de Leffrinckoucke, \u00e7a devient carr\u00e9ment difficile, vent de face, courant de face et vagues au-dessus de la t\u00eate, pas la temp\u00eate mais dur dur quand m\u00eame.<\/span><\/span><\/p>\n<p align=\"LEFT\"><span style=\"font-family: Arial Unicode MS,sans-serif;\"><span style=\"font-size: medium;\">Un moment de doute au niveau du blockhaus miroir car il faut bien un peu de piment \u00e0 cette sortie !<\/span><\/span><\/p>\n<p align=\"LEFT\"><span style=\"font-family: Arial Unicode MS,sans-serif;\"><span style=\"font-size: medium;\">Les Trail nous ont attendus et applaudis.<\/span><\/span><\/p>\n<p align=\"LEFT\"><span style=\"font-family: Arial Unicode MS,sans-serif;\"><span style=\"font-size: medium;\">Comme d&rsquo;habitude, la convivialit\u00e9, la solidarit\u00e9, la bonne humeur et le courage nous ont permis de r\u00e9ussir \u00ab un truc de dingues \u00bb<\/span><\/span><\/p>\n<p align=\"LEFT\"><span style=\"font-family: Arial Unicode MS,sans-serif;\"><span style=\"font-size: medium;\">Merci \u00e0 Nelly pour sa soupe \u00e0 l&rsquo;oignon et \u00e0 tous pour leur implication dans cette belle Asso<\/span><\/span><\/p>\n<p align=\"LEFT\"><span style=\"font-family: Arial Unicode MS,sans-serif;\"><span style=\"font-size: medium;\">Rendez-vous pour la prochaine.<\/span><\/span><\/p>\n<p align=\"LEFT\">Philippe.<\/p>\n<h3 align=\"LEFT\">Les R\u00e9sultats (Denis)<\/h3>\n<h3 style=\"text-align: center;\"><a href=\"http:\/\/www.opalelongecote.fr\/wp-content\/uploads\/2018\/06\/Resultats-Ultra-Trail-16-Juin-2018.pdf\"><span style=\"color: #0000ff;\">Resultats Ultra Trail 16 Juin 2018<\/span><\/a><\/h3>\n<h3>Groupe 1 : 7h36<\/h3>\n<p><img decoding=\"async\" class=\"wp-image-22726 lazyload\" data-src=\"http:\/\/www.opalelongecote.fr\/wp-content\/uploads\/2018\/06\/arrivee-g1-2018-300x225.jpg\" alt=\"\" width=\"458\" height=\"343\" data-srcset=\"https:\/\/www.opalelongecote.fr\/wp-content\/uploads\/2018\/06\/arrivee-g1-2018-300x225.jpg 300w, https:\/\/www.opalelongecote.fr\/wp-content\/uploads\/2018\/06\/arrivee-g1-2018-768x576.jpg 768w, https:\/\/www.opalelongecote.fr\/wp-content\/uploads\/2018\/06\/arrivee-g1-2018-510x383.jpg 510w, https:\/\/www.opalelongecote.fr\/wp-content\/uploads\/2018\/06\/arrivee-g1-2018-600x450.jpg 600w\" data-sizes=\"(max-width: 458px) 100vw, 458px\" src=\"data:image\/svg+xml;base64,PHN2ZyB3aWR0aD0iMSIgaGVpZ2h0PSIxIiB4bWxucz0iaHR0cDovL3d3dy53My5vcmcvMjAwMC9zdmciPjwvc3ZnPg==\" style=\"--smush-placeholder-width: 458px; --smush-placeholder-aspect-ratio: 458\/343;\" \/><\/p>\n<h3>Groupe 2 : 8h06<\/h3>\n<p><img decoding=\"async\" class=\"wp-image-22727 lazyload\" data-src=\"http:\/\/www.opalelongecote.fr\/wp-content\/uploads\/2018\/06\/Arrivee-G2-2018-300x225.jpg\" alt=\"\" width=\"456\" height=\"342\" data-srcset=\"https:\/\/www.opalelongecote.fr\/wp-content\/uploads\/2018\/06\/Arrivee-G2-2018-300x225.jpg 300w, https:\/\/www.opalelongecote.fr\/wp-content\/uploads\/2018\/06\/Arrivee-G2-2018-768x576.jpg 768w, https:\/\/www.opalelongecote.fr\/wp-content\/uploads\/2018\/06\/Arrivee-G2-2018-510x383.jpg 510w, https:\/\/www.opalelongecote.fr\/wp-content\/uploads\/2018\/06\/Arrivee-G2-2018-600x450.jpg 600w\" data-sizes=\"(max-width: 456px) 100vw, 456px\" src=\"data:image\/svg+xml;base64,PHN2ZyB3aWR0aD0iMSIgaGVpZ2h0PSIxIiB4bWxucz0iaHR0cDovL3d3dy53My5vcmcvMjAwMC9zdmciPjwvc3ZnPg==\" style=\"--smush-placeholder-width: 456px; --smush-placeholder-aspect-ratio: 456\/342;\" \/><\/p>\n<h3>Groupe 3 : Les Nounours<\/h3>\n<p>[ngg_images source=\u00a0\u00bbgalleries\u00a0\u00bb display_type=\u00a0\u00bbphotocrati-nextgen_basic_slideshow\u00a0\u00bb gallery_width=\u00a0\u00bb600&Prime; gallery_height=\u00a0\u00bb400&Prime; cycle_effect=\u00a0\u00bbfade\u00a0\u00bb cycle_interval=\u00a0\u00bb10&Prime; show_thumbnail_link=\u00a0\u00bb1&Prime; thumbnail_link_text=\u00a0\u00bb[Montrer sous forme de vignettes]\u00a0\u00bb order_by=\u00a0\u00bbsortorder\u00a0\u00bb order_direction=\u00a0\u00bbASC\u00a0\u00bb returns=\u00a0\u00bbincluded\u00a0\u00bb maximum_entity_count=\u00a0\u00bb2500&Prime;]<\/p>\n<h3>Les Finboarders : 5h et 6h (Large et Trait de c\u00f4te)<\/h3>\n<p><img decoding=\"async\" class=\"alignnone wp-image-22729 lazyload\" data-src=\"http:\/\/www.opalelongecote.fr\/wp-content\/uploads\/2018\/06\/finboarders-nieuwpoort-2018-e1529991511679-225x300.jpg\" alt=\"\" width=\"495\" height=\"660\" data-srcset=\"https:\/\/www.opalelongecote.fr\/wp-content\/uploads\/2018\/06\/finboarders-nieuwpoort-2018-e1529991511679-225x300.jpg 225w, https:\/\/www.opalelongecote.fr\/wp-content\/uploads\/2018\/06\/finboarders-nieuwpoort-2018-e1529991511679-768x1024.jpg 768w, https:\/\/www.opalelongecote.fr\/wp-content\/uploads\/2018\/06\/finboarders-nieuwpoort-2018-e1529991511679-510x680.jpg 510w, https:\/\/www.opalelongecote.fr\/wp-content\/uploads\/2018\/06\/finboarders-nieuwpoort-2018-e1529991511679-600x800.jpg 600w\" data-sizes=\"(max-width: 495px) 100vw, 495px\" src=\"data:image\/svg+xml;base64,PHN2ZyB3aWR0aD0iMSIgaGVpZ2h0PSIxIiB4bWxucz0iaHR0cDovL3d3dy53My5vcmcvMjAwMC9zdmciPjwvc3ZnPg==\" style=\"--smush-placeholder-width: 495px; --smush-placeholder-aspect-ratio: 495\/660;\" \/><\/p>\n<h3 style=\"text-align: center;\">Merci \u00e0 Tous pour cette magnifique aventure, Rendez-vous l&rsquo;ann\u00e9e prochaine pour la 6e nuit du Longe C\u00f4te et en 2020 pour la troisi\u00e8me \u00e9dition de Nieuwpoort &#8211; Dunkerque.<\/h3>\n<p>&nbsp;<\/p>\n<p>ET et&#8230;.. Quelques escapades en 2019&#8230;. En France, en Italie, en Tunisie?<\/p>\n","protected":false},"excerpt":{"rendered":"<p>Ultratrail Aquatique Nieuwpoort &#8211; Dunkerque 2018 : R\u00e9sultats 4h30 Le grand d\u00e9part (Photos Joel B.) [ngg_images source=\u00a0\u00bbgalleries\u00a0\u00bb container_ids=\u00a0\u00bb38&Prime; display_type=\u00a0\u00bbphotocrati-nextgen_basic_thumbnails\u00a0\u00bb override_thumbnail_settings=\u00a0\u00bb0&Prime; thumbnail_width=\u00a0\u00bb240&Prime; thumbnail_height=\u00a0\u00bb160&Prime; thumbnail_crop=\u00a0\u00bb1&Prime; images_per_page=\u00a0\u00bb36&Prime; number_of_columns=\u00a0\u00bb3&Prime; ajax_pagination=\u00a0\u00bb0&Prime; show_all_in_lightbox=\u00a0\u00bb0&Prime; use_imagebrowser_effect=\u00a0\u00bb0&Prime; show_slideshow_link=\u00a0\u00bb1&Prime; slideshow_link_text=\u00a0\u00bb[Montrer sous forme de diaporama]\u00a0\u00bb order_by=\u00a0\u00bbsortorder\u00a0\u00bb order_direction=\u00a0\u00bbASC\u00a0\u00bb returns=\u00a0\u00bbincluded\u00a0\u00bb maximum_entity_count=\u00a0\u00bb2500&Prime;] Compte-rendu en images Equipe 1 (Film Karine) &nbsp; Compte-rendu \u00c9quipe des Nounours (Philippe) Soleil levant 2 Qu&rsquo;ils [&hellip;]<\/p>\n","protected":false},"author":2,"featured_media":22731,"comment_status":"closed","ping_status":"open","sticky":false,"template":"","format":"standard","meta":{"footnotes":""},"categories":[],"tags":[],"class_list":["post-22636","post","type-post","status-publish","format-standard","has-post-thumbnail","hentry"],"_links":{"self":[{"href":"https:\/\/www.opalelongecote.fr\/index2.php\/wp-json\/wp\/v2\/posts\/22636","targetHints":{"allow":["GET"]}}],"collection":[{"href":"https:\/\/www.opalelongecote.fr\/index2.php\/wp-json\/wp\/v2\/posts"}],"about":[{"href":"https:\/\/www.opalelongecote.fr\/index2.php\/wp-json\/wp\/v2\/types\/post"}],"author":[{"embeddable":true,"href":"https:\/\/www.opalelongecote.fr\/index2.php\/wp-json\/wp\/v2\/users\/2"}],"replies":[{"embeddable":true,"href":"https:\/\/www.opalelongecote.fr\/index2.php\/wp-json\/wp\/v2\/comments?post=22636"}],"version-history":[{"count":8,"href":"https:\/\/www.opalelongecote.fr\/index2.php\/wp-json\/wp\/v2\/posts\/22636\/revisions"}],"predecessor-version":[{"id":22734,"href":"https:\/\/www.opalelongecote.fr\/index2.php\/wp-json\/wp\/v2\/posts\/22636\/revisions\/22734"}],"wp:featuredmedia":[{"embeddable":true,"href":"https:\/\/www.opalelongecote.fr\/index2.php\/wp-json\/wp\/v2\/media\/22731"}],"wp:attachment":[{"href":"https:\/\/www.opalelongecote.fr\/index2.php\/wp-json\/wp\/v2\/media?parent=22636"}],"wp:term":[{"taxonomy":"category","embeddable":true,"href":"https:\/\/www.opalelongecote.fr\/index2.php\/wp-json\/wp\/v2\/categories?post=22636"},{"taxonomy":"post_tag","embeddable":true,"href":"https:\/\/www.opalelongecote.fr\/index2.php\/wp-json\/wp\/v2\/tags?post=22636"}],"curies":[{"name":"wp","href":"https:\/\/api.w.org\/{rel}","templated":true}]}}