{"id":22627,"date":"2018-06-03T18:26:57","date_gmt":"2018-06-03T17:26:57","guid":{"rendered":"http:\/\/www.opalelongecote.fr\/?p=22627"},"modified":"2018-06-03T18:26:57","modified_gmt":"2018-06-03T17:26:57","slug":"juin-2018-agenda-de-mer-nord","status":"publish","type":"post","link":"https:\/\/www.opalelongecote.fr\/index2.php\/juin-2018-agenda-de-mer-nord\/","title":{"rendered":"Juin 2018 &#8211; Agenda de la Mer du Nord"},"content":{"rendered":"<h2>Juin 2018 &#8211; Agenda de la Mer du Nord<\/h2>\n<p>Derni\u00e8res semaines de \u00ab\u00a0fous\u00a0\u00bb, Pr\u00e9paration de notre ultratrail, du barbecue, accueil de coll\u00e8ges, de lyc\u00e9e, de touristes allemand et samedi un coup de main aux copains organisateurs du Triathlon de Bray dunes pour la s\u00e9curit\u00e9 en mer.<\/p>\n<p>Tout cela en plus bien sur de nos sorties traditionnelles du mercredi, vendredi et des 2 s\u00e9ances du dimanche.<\/p>\n<p>S\u00e9ances traditionnelles avec des bapt\u00eames de plus en plus nombreux plus joyeux les uns que les autres. Des coll\u00e8gues de boulot, des enterrements de vie de jeunes filles, des habitu\u00e9es des \u00ab\u00a0bapt\u00eames\u00a0\u00bb.<\/p>\n<p>Pardon \u00e0 nos fid\u00e8les lecteurs pour les compte rendus de sortie \u00ab\u00a0zapp\u00e9s\u00a0\u00bb depuis quelques jours et appel \u00e0 nos adh\u00e9rents pour nous donner un coup de main sur le sujet. A vos plumes ! (\u00e0 envoyer sur contact@opalelongecote.fr)<\/p>\n<p>Avis aux photographes amateurs (ou professionnels)&nbsp; si vous souhaitez immortaliser une sortie on vous pr\u00eate le mat\u00e9riel (appareil photo, go pro)<\/p>\n<h2>Agendas<\/h2>\n<h2><strong>Samedi 9 juin:<\/strong> Nage avec palmes<\/h2>\n<p>Mise \u00e0 l&rsquo;eau 10h (Pour les membres OLC\/FFESSM, ou une d\u00e9couverte sur inscription)<\/p>\n<p>&nbsp;<\/p>\n<h2><strong>Samedi 16 juin:<\/strong> ULTRATRAIL Nieuwpoort &#8211; Dunkerque<\/h2>\n<p>Mise \u00e0 l&rsquo;eau \u00e0 ???? 4 ou 5h du matin \u00e0 Nieuwpoort. ATTENTION nous confirmerons l&rsquo;heure de mise \u00e0 l&rsquo;eau dans les prochains jours. Gros coefficient attendu, on met toute les chances de notre cot\u00e9 en partant avec la mar\u00e9e.<\/p>\n<p>Et avec un peu de chance avoir le temps d&rsquo;aller encourager et applaudir \u00e0 16h , les chorales <strong>DEDICACE<\/strong> et <strong>CHANSON PAR COEUR<\/strong><\/p>\n<p><img decoding=\"async\" class=\"alignnone wp-image-22630 lazyload\" data-src=\"http:\/\/www.opalelongecote.fr\/wp-content\/uploads\/2018\/06\/dedicace-300x114.jpg\" alt=\"\" height=\"370\" width=\"974\" data-srcset=\"https:\/\/www.opalelongecote.fr\/wp-content\/uploads\/2018\/06\/dedicace-300x114.jpg 300w, https:\/\/www.opalelongecote.fr\/wp-content\/uploads\/2018\/06\/dedicace-768x292.jpg 768w, https:\/\/www.opalelongecote.fr\/wp-content\/uploads\/2018\/06\/dedicace-510x194.jpg 510w, https:\/\/www.opalelongecote.fr\/wp-content\/uploads\/2018\/06\/dedicace-600x228.jpg 600w\" data-sizes=\"(max-width: 974px) 100vw, 974px\" src=\"data:image\/svg+xml;base64,PHN2ZyB3aWR0aD0iMSIgaGVpZ2h0PSIxIiB4bWxucz0iaHR0cDovL3d3dy53My5vcmcvMjAwMC9zdmciPjwvc3ZnPg==\" style=\"--smush-placeholder-width: 974px; --smush-placeholder-aspect-ratio: 974\/370;\" \/><\/p>\n<p>Pour ceux et celles qui ne participent pas \u00e0 l&rsquo;ultratrail, rendez-vous \u00e0 16h \u00e0 la CONCORDE un tr\u00e8s bon moment en perspective, pour les participants si on est rentr\u00e9 et qu&rsquo;on r\u00e9ussise \u00e0 garder les yeux ouverts&#8230;<\/p>\n<h2>&nbsp;<\/h2>\n<h2><strong>Dimanche 17 juin RASSEMBLEMENT G\u00c9N\u00c9RAL, TOUS A L&rsquo;EAU.<\/strong><\/h2>\n<p>Nous accueillons dans l&rsquo;eau 100 bapt\u00eames, les chorales D\u00c9DICACE et CHANSON PAR CH\u0152UR.<\/p>\n<p>L&rsquo;\u00e9quipe Opale Longe C\u00f4te, les anciens, les guerriers m\u00eame fatigu\u00e9s, nos nouveaux adh\u00e9rents soyons tous \u00e0 la hauteur de notre r\u00e9putation et faire honneur \u00e0 nos invit\u00e9s.<\/p>\n<p>Nous allons vivre un grand moment et ne sommes pas \u00e0 l&rsquo;abri de battre notre record de la plus grande longe \u00e9tabli l&rsquo;ann\u00e9e derni\u00e8re , lors de nos 10 ans, 212 participants.<\/p>\n<p>Pour la circonstance DAMIEN, le patron l\u00e9gendaire du CONTEMPORAIN nous fera l&rsquo;amiti\u00e9 d&rsquo;animer le moment de convivialit\u00e9 \u00e0 l&rsquo;issue de la sortie et nous r\u00e9galera de bonnes pintes , choix pour l\u2019\u00e9v\u00e8nement la CHARLES QUINT. (ou des petites bulles pour celles qui n&rsquo;aiment pas la bi\u00e8re)<\/p>\n<h2 style=\"text-align: center;\">Un grand moment in\u00e9dit en perspective&#8230;<\/h2>\n<p>&nbsp;<\/p>\n<h2>Dimanche 24 juin: BARBECUE annuel<\/h2>\n<p>On fait la f\u00eate avant les vacances.<\/p>\n<p>Renseignement et inscription aupr\u00e8s de Nelly, par sms, mail.<\/p>\n<h2>Les vacances&#8230;..<\/h2>\n<p>Opale longe C\u00f4te poursuit bien sur son activit\u00e9 pendant tout l&rsquo;\u00e9t\u00e9, comme pendant toutes les vacances scolaires. Merci \u00e0 toute l&rsquo;\u00e9quipe et aux anciens bienveillants qui m\u00eame sans maillot vert ou blanc veillent, encouragent et accompagnent.<\/p>\n<p>Un grand merci \u00e0 tous, pour ces bons moments..<\/p>\n<p>&nbsp;<\/p>\n<p>&nbsp;<\/p>\n","protected":false},"excerpt":{"rendered":"<p>Juin 2018 &#8211; Agenda de la Mer du Nord Derni\u00e8res semaines de \u00ab\u00a0fous\u00a0\u00bb, Pr\u00e9paration de notre ultratrail, du barbecue, accueil de coll\u00e8ges, de lyc\u00e9e, de touristes allemand et samedi un coup de main aux copains organisateurs du Triathlon de Bray dunes pour la s\u00e9curit\u00e9 en mer. Tout cela en plus bien sur de nos sorties [&hellip;]<\/p>\n","protected":false},"author":2,"featured_media":22628,"comment_status":"closed","ping_status":"open","sticky":false,"template":"","format":"standard","meta":{"footnotes":""},"categories":[],"tags":[],"class_list":["post-22627","post","type-post","status-publish","format-standard","has-post-thumbnail","hentry"],"_links":{"self":[{"href":"https:\/\/www.opalelongecote.fr\/index2.php\/wp-json\/wp\/v2\/posts\/22627","targetHints":{"allow":["GET"]}}],"collection":[{"href":"https:\/\/www.opalelongecote.fr\/index2.php\/wp-json\/wp\/v2\/posts"}],"about":[{"href":"https:\/\/www.opalelongecote.fr\/index2.php\/wp-json\/wp\/v2\/types\/post"}],"author":[{"embeddable":true,"href":"https:\/\/www.opalelongecote.fr\/index2.php\/wp-json\/wp\/v2\/users\/2"}],"replies":[{"embeddable":true,"href":"https:\/\/www.opalelongecote.fr\/index2.php\/wp-json\/wp\/v2\/comments?post=22627"}],"version-history":[{"count":5,"href":"https:\/\/www.opalelongecote.fr\/index2.php\/wp-json\/wp\/v2\/posts\/22627\/revisions"}],"predecessor-version":[{"id":22634,"href":"https:\/\/www.opalelongecote.fr\/index2.php\/wp-json\/wp\/v2\/posts\/22627\/revisions\/22634"}],"wp:featuredmedia":[{"embeddable":true,"href":"https:\/\/www.opalelongecote.fr\/index2.php\/wp-json\/wp\/v2\/media\/22628"}],"wp:attachment":[{"href":"https:\/\/www.opalelongecote.fr\/index2.php\/wp-json\/wp\/v2\/media?parent=22627"}],"wp:term":[{"taxonomy":"category","embeddable":true,"href":"https:\/\/www.opalelongecote.fr\/index2.php\/wp-json\/wp\/v2\/categories?post=22627"},{"taxonomy":"post_tag","embeddable":true,"href":"https:\/\/www.opalelongecote.fr\/index2.php\/wp-json\/wp\/v2\/tags?post=22627"}],"curies":[{"name":"wp","href":"https:\/\/api.w.org\/{rel}","templated":true}]}}